{"id":20,"date":"2012-03-09T17:35:12","date_gmt":"2012-03-09T17:35:12","guid":{"rendered":"https:\/\/notdurft-punk.de\/wordpress\/uncategorized\/history\/"},"modified":"2024-05-20T11:13:14","modified_gmt":"2024-05-20T11:13:14","slug":"history","status":"publish","type":"post","link":"https:\/\/notdurft-punk.de\/wordpress\/notdurft\/history\/","title":{"rendered":"History"},"content":{"rendered":"\n<div class=\"wp-block-columns is-layout-flex wp-container-core-columns-is-layout-9d6595d7 wp-block-columns-is-layout-flex\">\n<div class=\"wp-block-column is-layout-flow wp-block-column-is-layout-flow\" style=\"flex-basis:100%\">\n<div class=\"wp-block-group\"><div class=\"wp-block-group__inner-container is-layout-constrained wp-block-group-is-layout-constrained\">\n<div class=\"wp-block-columns is-layout-flex wp-container-core-columns-is-layout-9d6595d7 wp-block-columns-is-layout-flex\">\n<div class=\"wp-block-column is-layout-flow wp-block-column-is-layout-flow\" style=\"flex-basis:100%\">\n<p class=\"has-text-align-left has-medium-font-size\">Gegr\u00fcndet wurde die Band ca. <strong>1978 <\/strong>als Sch\u00fclerband von Bassist <strong>Johann \u201eJones\u201c Stolze<\/strong> und S\u00e4nger <strong>Thomas Pielecki<\/strong>. Bis zur Einspielung des selbstbetitelten Deb\u00fct-Albums im Jahr <strong>1982 <\/strong>kamen noch die Gitarristen <strong>Uli Frischemeyer<\/strong> und <strong>Bernd H\u00f6velmeyer<\/strong> hinzu, sowie Schlagzeuger <strong>Lutz Kramer<\/strong> und S\u00e4ngerin <strong>Carola Prietzel (\u201eRolli\u201c)<\/strong>.<\/p>\n<\/div>\n<\/div>\n\n\n\n<figure class=\"wp-block-image size-full is-style-default wp-duotone-unset-1\"><img loading=\"lazy\" decoding=\"async\" width=\"1507\" height=\"848\" src=\"https:\/\/notdurft-punk.de\/wordpress\/wp-content\/uploads\/2024\/05\/notdurft1982b-4-edited.jpg\" alt=\"\" class=\"wp-image-173\" style=\"object-fit:cover\" srcset=\"https:\/\/notdurft-punk.de\/wordpress\/wp-content\/uploads\/2024\/05\/notdurft1982b-4-edited.jpg 1507w, https:\/\/notdurft-punk.de\/wordpress\/wp-content\/uploads\/2024\/05\/notdurft1982b-4-edited-300x169.jpg 300w, https:\/\/notdurft-punk.de\/wordpress\/wp-content\/uploads\/2024\/05\/notdurft1982b-4-edited-1024x576.jpg 1024w, https:\/\/notdurft-punk.de\/wordpress\/wp-content\/uploads\/2024\/05\/notdurft1982b-4-edited-768x432.jpg 768w\" sizes=\"auto, (max-width: 1507px) 100vw, 1507px\" \/><figcaption class=\"wp-element-caption\">Notdurft, 1982<\/figcaption><\/figure>\n\n\n\n<div class=\"wp-block-columns is-layout-flex wp-container-core-columns-is-layout-9d6595d7 wp-block-columns-is-layout-flex\">\n<div class=\"wp-block-column is-layout-flow wp-block-column-is-layout-flow\" style=\"flex-basis:100%\">\n<p class=\"has-medium-font-size\"><strong>1983 <\/strong>verungl\u00fcckte <strong>Uli Frischemeyer<\/strong> t\u00f6dlich und <strong>Lutz <\/strong>musste aus gesundheitlichen Gr\u00fcnden das Schlagzeug aufgeben. So kamen dann <strong>Albert Klose<\/strong> (Gitarre) und <strong>Oliver Bednorz<\/strong> (Schlagzeug) von der Band <strong>Ingrid Astor<\/strong> zu <strong>Notdurft<\/strong>. <strong>1986 <\/strong>l\u00f6ste sich die Band vor\u00fcbergehend auf.<\/p>\n<\/div>\n<\/div>\n\n\n\n<figure class=\"wp-block-image size-full is-style-default wp-duotone-rgb000-rgba255000-2\"><img loading=\"lazy\" decoding=\"async\" width=\"1514\" height=\"852\" src=\"https:\/\/notdurft-punk.de\/wordpress\/wp-content\/uploads\/2024\/05\/Mappe10a-edited.jpg\" alt=\"\" class=\"wp-image-287\" style=\"aspect-ratio:16\/9;object-fit:cover\" srcset=\"https:\/\/notdurft-punk.de\/wordpress\/wp-content\/uploads\/2024\/05\/Mappe10a-edited.jpg 1514w, https:\/\/notdurft-punk.de\/wordpress\/wp-content\/uploads\/2024\/05\/Mappe10a-edited-300x169.jpg 300w, https:\/\/notdurft-punk.de\/wordpress\/wp-content\/uploads\/2024\/05\/Mappe10a-edited-1024x576.jpg 1024w, https:\/\/notdurft-punk.de\/wordpress\/wp-content\/uploads\/2024\/05\/Mappe10a-edited-768x432.jpg 768w\" sizes=\"auto, (max-width: 1514px) 100vw, 1514px\" \/><figcaption class=\"wp-element-caption\">Notdurft, ca. 1983<\/figcaption><\/figure>\n\n\n\n<div class=\"wp-block-columns is-layout-flex wp-container-core-columns-is-layout-9d6595d7 wp-block-columns-is-layout-flex\">\n<div class=\"wp-block-column is-layout-flow wp-block-column-is-layout-flow\" style=\"flex-basis:100%\">\n<p class=\"has-medium-font-size\"><strong>Jones<\/strong>, <strong>Bernd<\/strong>, <strong>Albert<\/strong> und <strong>Oli <\/strong>machten mit dem neuen S\u00e4nger <strong>Dave Evans<\/strong> als <strong>Mind Overboard<\/strong> weiter. Sp\u00e4ter dann von <strong>Fritz Kraft<\/strong> (Vox), <strong>Morten Wienold<\/strong> (Drums) und <strong>Andreas Hancock<\/strong> (Gitarre) unterst\u00fctzt hielten nur <strong>Jones <\/strong>und <strong>Bernd <\/strong>bis <strong>1994 <\/strong>durch.&nbsp;<\/p>\n<\/div>\n<\/div>\n\n\n\n<figure class=\"wp-block-image size-full wp-duotone-rgb000-rgba01952550-3\"><img loading=\"lazy\" decoding=\"async\" width=\"1507\" height=\"848\" src=\"https:\/\/notdurft-punk.de\/wordpress\/wp-content\/uploads\/2024\/05\/mobmitdave2-3-edited.jpg\" alt=\"\" class=\"wp-image-170\" style=\"object-fit:cover\" srcset=\"https:\/\/notdurft-punk.de\/wordpress\/wp-content\/uploads\/2024\/05\/mobmitdave2-3-edited.jpg 1507w, https:\/\/notdurft-punk.de\/wordpress\/wp-content\/uploads\/2024\/05\/mobmitdave2-3-edited-300x169.jpg 300w, https:\/\/notdurft-punk.de\/wordpress\/wp-content\/uploads\/2024\/05\/mobmitdave2-3-edited-1024x576.jpg 1024w, https:\/\/notdurft-punk.de\/wordpress\/wp-content\/uploads\/2024\/05\/mobmitdave2-3-edited-768x432.jpg 768w\" sizes=\"auto, (max-width: 1507px) 100vw, 1507px\" \/><figcaption class=\"wp-element-caption\">Mind Overboard, ca. 1987<\/figcaption><\/figure>\n\n\n\n<figure class=\"wp-block-image size-full wp-duotone-000000-rgba016625503-4\"><img loading=\"lazy\" decoding=\"async\" width=\"1507\" height=\"848\" src=\"https:\/\/notdurft-punk.de\/wordpress\/wp-content\/uploads\/2024\/05\/mobmitfritzundmorten-1-edited.jpg\" alt=\"\" class=\"wp-image-175\" style=\"object-fit:cover\" srcset=\"https:\/\/notdurft-punk.de\/wordpress\/wp-content\/uploads\/2024\/05\/mobmitfritzundmorten-1-edited.jpg 1507w, https:\/\/notdurft-punk.de\/wordpress\/wp-content\/uploads\/2024\/05\/mobmitfritzundmorten-1-edited-300x169.jpg 300w, https:\/\/notdurft-punk.de\/wordpress\/wp-content\/uploads\/2024\/05\/mobmitfritzundmorten-1-edited-1024x576.jpg 1024w, https:\/\/notdurft-punk.de\/wordpress\/wp-content\/uploads\/2024\/05\/mobmitfritzundmorten-1-edited-768x432.jpg 768w\" sizes=\"auto, (max-width: 1507px) 100vw, 1507px\" \/><figcaption class=\"wp-element-caption\">Mind Overboard, ca. 1991<\/figcaption><\/figure>\n\n\n\n<div class=\"wp-block-columns is-layout-flex wp-container-core-columns-is-layout-9d6595d7 wp-block-columns-is-layout-flex\">\n<div class=\"wp-block-column is-layout-flow wp-block-column-is-layout-flow\" style=\"flex-basis:100%\">\n<p class=\"has-medium-font-size\"><strong>1994 <\/strong>gab es beim Abschiedskonzert von <strong>Mind Overboard<\/strong> noch einmal einen Auftritt von <strong>Notdurft<\/strong>. <strong>1996 <\/strong>ging es dann mit <strong>Notdurft<\/strong> regul\u00e4r wieder weiter in der Besetzung: <strong>Thomas Pielecki<\/strong> (Gesang), <strong>Jones Stolze<\/strong> (Bass), <strong>Bernd H\u00f6velmeyer<\/strong> (Gitarre), <strong>Albert Klose<\/strong> (Gitarre) und <strong>Oliver Bednorz<\/strong> (Schlagzeug).<\/p>\n<\/div>\n<\/div>\n\n\n\n<figure class=\"wp-block-image size-full is-style-default wp-duotone-unset-5\"><img loading=\"lazy\" decoding=\"async\" width=\"2560\" height=\"1739\" src=\"https:\/\/notdurft-punk.de\/wordpress\/wp-content\/uploads\/2024\/05\/imhofaufderbank-scaled.jpg\" alt=\"\" class=\"wp-image-261\" style=\"aspect-ratio:16\/9;object-fit:cover\" srcset=\"https:\/\/notdurft-punk.de\/wordpress\/wp-content\/uploads\/2024\/05\/imhofaufderbank-scaled.jpg 2560w, https:\/\/notdurft-punk.de\/wordpress\/wp-content\/uploads\/2024\/05\/imhofaufderbank-300x204.jpg 300w, https:\/\/notdurft-punk.de\/wordpress\/wp-content\/uploads\/2024\/05\/imhofaufderbank-1024x696.jpg 1024w, https:\/\/notdurft-punk.de\/wordpress\/wp-content\/uploads\/2024\/05\/imhofaufderbank-768x522.jpg 768w, https:\/\/notdurft-punk.de\/wordpress\/wp-content\/uploads\/2024\/05\/imhofaufderbank-1536x1044.jpg 1536w, https:\/\/notdurft-punk.de\/wordpress\/wp-content\/uploads\/2024\/05\/imhofaufderbank-2048x1391.jpg 2048w\" sizes=\"auto, (max-width: 2560px) 100vw, 2560px\" \/><figcaption class=\"wp-element-caption\">Notdurft, 1996<\/figcaption><\/figure>\n\n\n\n<p><\/p>\n\n\n\n<div class=\"wp-block-columns is-layout-flex wp-container-core-columns-is-layout-9d6595d7 wp-block-columns-is-layout-flex\">\n<div class=\"wp-block-column is-layout-flow wp-block-column-is-layout-flow\" style=\"flex-basis:100%\">\n<p class=\"has-medium-font-size\"><strong>1997<\/strong> verlie\u00df <strong>Bernd H\u00f6velmeyer<\/strong> die Band und kurz darauf stieg auch <strong>Albert Klose<\/strong> aus. Als Ersatz kamen nun <strong>Andreas Hancock<\/strong> (ehemals <strong>Mind Overboard<\/strong>, <strong>Xenomorph<\/strong>) und <strong>Michael \u201eWolke\u201c<\/strong> (<strong>Xenomorph<\/strong>). In dieser Besetzung wurden noch zwei Konzerte gespielt. Am <strong>3. Juni 1997<\/strong> verstarb <strong>Thomas Pielecki<\/strong> und die Rest-Band l\u00f6ste sich nach einem Abschiedskonzert auf. Bei diesem Abschied spielten dann unter anderem auch ein letztes Mal noch <strong>Mind Overboard<\/strong> und <strong>Ingrid Astor<\/strong>.<\/p>\n\n\n\n<figure class=\"wp-block-image size-large\"><img loading=\"lazy\" decoding=\"async\" width=\"1713\" height=\"963\" src=\"https:\/\/notdurft-punk.de\/wordpress\/wp-content\/uploads\/2024\/05\/AbschiedskonzertNotdurft1997-edited.jpg\" alt=\"\" class=\"wp-image-290\" srcset=\"https:\/\/notdurft-punk.de\/wordpress\/wp-content\/uploads\/2024\/05\/AbschiedskonzertNotdurft1997-edited.jpg 1713w, https:\/\/notdurft-punk.de\/wordpress\/wp-content\/uploads\/2024\/05\/AbschiedskonzertNotdurft1997-edited-300x169.jpg 300w, https:\/\/notdurft-punk.de\/wordpress\/wp-content\/uploads\/2024\/05\/AbschiedskonzertNotdurft1997-edited-1024x576.jpg 1024w, https:\/\/notdurft-punk.de\/wordpress\/wp-content\/uploads\/2024\/05\/AbschiedskonzertNotdurft1997-edited-768x432.jpg 768w, https:\/\/notdurft-punk.de\/wordpress\/wp-content\/uploads\/2024\/05\/AbschiedskonzertNotdurft1997-edited-1536x863.jpg 1536w\" sizes=\"auto, (max-width: 1713px) 100vw, 1713px\" \/><figcaption class=\"wp-element-caption\">Notdurft, Abschiedskonzert 1997<\/figcaption><\/figure>\n\n\n\n<p class=\"has-medium-font-size\"><strong>Jones Stolze<\/strong> spielte sp\u00e4ter bei den Bands <strong>Petra<\/strong>, <strong>Animales Con Ruido<\/strong>, <strong>Commandantes<\/strong> sowie aktuell noch <strong>Caminos <\/strong>und <strong>Human Hair People<\/strong>.<br><br><strong>Bernd H\u00f6velmeyer<\/strong> nahm solo einige Wohnzimmerstudio-Alben auf, die sich musikalisch zwischen Proto-Punk und Blues bewegen, bevor er mit dem Material und der Band <strong>The Nymphomaniacs<\/strong> auch wieder auf die B\u00fchne zur\u00fcckkehrte, wieder mit dabei: <strong>Andreas Hancock<\/strong>. Sp\u00e4ter war <strong>Bernd <\/strong>Gitarrist und S\u00e4nger bei <strong>The Uschi Obermaier Experience<\/strong>.<br><br><strong>Oli Bednorz<\/strong> lebt in Berlin und trommelte bei der Band <strong>Hans am Felsen (HAF)<\/strong> und aktuell noch bei<strong> Sheef<\/strong>.<br><br><strong>Albert Klose<\/strong> hatte die Gitarre an den Nagel geh\u00e4ngt. <br><br><strong>Rolli<\/strong> ist <strong>2010 <\/strong>verstorben, und etwas sp\u00e4ter auch<strong> Lutz<\/strong>.\u00a0<\/p>\n<\/div>\n<\/div>\n\n\n\n<figure class=\"wp-block-image size-full wp-duotone-rgb6322-rgba2552000035-6\"><img loading=\"lazy\" decoding=\"async\" width=\"1507\" height=\"848\" src=\"https:\/\/notdurft-punk.de\/wordpress\/wp-content\/uploads\/2024\/05\/notdurft-2014-2-edited.jpg\" alt=\"\" class=\"wp-image-182\" style=\"object-fit:cover\" srcset=\"https:\/\/notdurft-punk.de\/wordpress\/wp-content\/uploads\/2024\/05\/notdurft-2014-2-edited.jpg 1507w, https:\/\/notdurft-punk.de\/wordpress\/wp-content\/uploads\/2024\/05\/notdurft-2014-2-edited-300x169.jpg 300w, https:\/\/notdurft-punk.de\/wordpress\/wp-content\/uploads\/2024\/05\/notdurft-2014-2-edited-1024x576.jpg 1024w, https:\/\/notdurft-punk.de\/wordpress\/wp-content\/uploads\/2024\/05\/notdurft-2014-2-edited-768x432.jpg 768w\" sizes=\"auto, (max-width: 1507px) 100vw, 1507px\" \/><figcaption class=\"wp-element-caption\">Notdurft, 2012<\/figcaption><\/figure>\n\n\n\n<div class=\"wp-block-columns is-layout-flex wp-container-core-columns-is-layout-9d6595d7 wp-block-columns-is-layout-flex\">\n<div class=\"wp-block-column is-layout-flow wp-block-column-is-layout-flow\" style=\"flex-basis:100%\">\n<p class=\"has-medium-font-size\">15 Jahre nach dem Abschiedskonzert war es am <strong>30. November 2012<\/strong> wieder so weit sein: <strong>Jones<\/strong>, <strong>Bernd<\/strong>, <strong>Albert <\/strong>und <strong>Oli <\/strong>gingen noch einmal gemeinsam als <strong>Notdurft <\/strong>auf die B\u00fchne. Zur Unterst\u00fctzung kamen <strong>Lahs F\u00fcrste<\/strong> (ehemals <strong>Flugs Vonstatten<\/strong> und <strong>Commandantes<\/strong>) und <strong>Vanessa Ukena<\/strong> f\u00fcr den Gesang dazu. Seitdem gibt es wieder sporadische Auftritte von <strong>Notdurft<\/strong>. &nbsp;<\/p>\n<\/div>\n<\/div>\n<\/div><\/div>\n<\/div>\n<\/div>\n\n\n\n<figure class=\"wp-block-image size-full\"><img loading=\"lazy\" decoding=\"async\" width=\"2048\" height=\"1185\" src=\"https:\/\/notdurft-punk.de\/wordpress\/wp-content\/uploads\/2024\/05\/bernd-kuhn.jpg\" alt=\"\" class=\"wp-image-141\" style=\"object-fit:cover\" srcset=\"https:\/\/notdurft-punk.de\/wordpress\/wp-content\/uploads\/2024\/05\/bernd-kuhn.jpg 2048w, https:\/\/notdurft-punk.de\/wordpress\/wp-content\/uploads\/2024\/05\/bernd-kuhn-300x174.jpg 300w, https:\/\/notdurft-punk.de\/wordpress\/wp-content\/uploads\/2024\/05\/bernd-kuhn-1024x593.jpg 1024w, https:\/\/notdurft-punk.de\/wordpress\/wp-content\/uploads\/2024\/05\/bernd-kuhn-768x444.jpg 768w, https:\/\/notdurft-punk.de\/wordpress\/wp-content\/uploads\/2024\/05\/bernd-kuhn-1536x889.jpg 1536w\" sizes=\"auto, (max-width: 2048px) 100vw, 2048px\" \/><figcaption class=\"wp-element-caption\">Notdurft, 2018 \u00a9&nbsp;<a href=\"https:\/\/www.facebook.com\/BerndKuhnPhotographicArt?__tn__=-]K*F\">Bernd Kuhn<\/a><\/figcaption><\/figure>\n","protected":false},"excerpt":{"rendered":"<p>Gegr\u00fcndet wurde die Band ca. 1978 als Sch\u00fclerband von Bassist Johann \u201eJones\u201c Stolze und S\u00e4nger Thomas Pielecki. Bis zur Einspielung des selbstbetitelten Deb\u00fct-Albums im Jahr 1982 kamen noch die Gitarristen Uli Frischemeyer und Bernd H\u00f6velmeyer hinzu, sowie Schlagzeuger Lutz Kramer und S\u00e4ngerin Carola Prietzel (\u201eRolli\u201c). 1983 verungl\u00fcckte Uli Frischemeyer t\u00f6dlich und Lutz musste aus gesundheitlichen&hellip; <a href=\"https:\/\/notdurft-punk.de\/wordpress\/notdurft\/history\/\" class=\"read-more\">Continue reading History<\/a><\/p>\n","protected":false},"author":1,"featured_media":0,"comment_status":"open","ping_status":"open","sticky":false,"template":"","format":"standard","meta":{"footnotes":""},"categories":[1],"tags":[],"class_list":["post-20","post","type-post","status-publish","format-standard","hentry","category-notdurft"],"_links":{"self":[{"href":"https:\/\/notdurft-punk.de\/wordpress\/wp-json\/wp\/v2\/posts\/20","targetHints":{"allow":["GET"]}}],"collection":[{"href":"https:\/\/notdurft-punk.de\/wordpress\/wp-json\/wp\/v2\/posts"}],"about":[{"href":"https:\/\/notdurft-punk.de\/wordpress\/wp-json\/wp\/v2\/types\/post"}],"author":[{"embeddable":true,"href":"https:\/\/notdurft-punk.de\/wordpress\/wp-json\/wp\/v2\/users\/1"}],"replies":[{"embeddable":true,"href":"https:\/\/notdurft-punk.de\/wordpress\/wp-json\/wp\/v2\/comments?post=20"}],"version-history":[{"count":62,"href":"https:\/\/notdurft-punk.de\/wordpress\/wp-json\/wp\/v2\/posts\/20\/revisions"}],"predecessor-version":[{"id":291,"href":"https:\/\/notdurft-punk.de\/wordpress\/wp-json\/wp\/v2\/posts\/20\/revisions\/291"}],"wp:attachment":[{"href":"https:\/\/notdurft-punk.de\/wordpress\/wp-json\/wp\/v2\/media?parent=20"}],"wp:term":[{"taxonomy":"category","embeddable":true,"href":"https:\/\/notdurft-punk.de\/wordpress\/wp-json\/wp\/v2\/categories?post=20"},{"taxonomy":"post_tag","embeddable":true,"href":"https:\/\/notdurft-punk.de\/wordpress\/wp-json\/wp\/v2\/tags?post=20"}],"curies":[{"name":"wp","href":"https:\/\/api.w.org\/{rel}","templated":true}]}}