{"id":23,"date":"2015-08-24T13:22:26","date_gmt":"2015-08-24T13:22:26","guid":{"rendered":"https:\/\/notdurft-punk.de\/wordpress\/diskografie\/diskografie-diskografie\/2012-notdurft-proletenkarneval\/"},"modified":"2024-05-19T16:41:50","modified_gmt":"2024-05-19T16:41:50","slug":"2012-notdurft-proletenkarneval","status":"publish","type":"post","link":"https:\/\/notdurft-punk.de\/wordpress\/diskografie\/diskografie-diskografie\/2012-notdurft-proletenkarneval\/","title":{"rendered":"Notdurft \u2013 \u201eProletenkarneval\u201c"},"content":{"rendered":"\n<div class=\"wp-block-group\"><div class=\"wp-block-group__inner-container is-layout-constrained wp-block-group-is-layout-constrained\">\n<div class=\"wp-block-media-text is-stacked-on-mobile is-vertically-aligned-top\" style=\"grid-template-columns:25% auto\"><figure class=\"wp-block-media-text__media\"><img loading=\"lazy\" decoding=\"async\" width=\"417\" height=\"378\" src=\"https:\/\/notdurft-punk.de\/wordpress\/wp-content\/uploads\/2024\/05\/proletenkarneval-cover-1.png\" alt=\"\" class=\"wp-image-265 size-full\" srcset=\"https:\/\/notdurft-punk.de\/wordpress\/wp-content\/uploads\/2024\/05\/proletenkarneval-cover-1.png 417w, https:\/\/notdurft-punk.de\/wordpress\/wp-content\/uploads\/2024\/05\/proletenkarneval-cover-1-300x272.png 300w\" sizes=\"auto, (max-width: 417px) 100vw, 417px\" \/><\/figure><div class=\"wp-block-media-text__content\">\n<p class=\"has-medium-font-size\"><strong>2012<\/strong><\/p>\n\n\n\n<p class=\"has-very-light-gray-to-cyan-bluish-gray-gradient-background has-background has-medium-font-size\">Passend zum 35-j\u00e4hrigen Jubil\u00e4um des Debut-Albums von 1982 standen die \u00fcberlebenden Mitglieder von Notdurft am 30. November 2012 wieder gemeinsam auf der B\u00fchne und legten einen grandiosen Gig hin.<br><br>W\u00e4hrend passend zu diesem Anlass auf <a href=\"http:\/\/www.hoehnie-records.de\/\" target=\"_blank\" rel=\"noreferrer noopener\">H\u00f6hnie Records<\/a> das erste Album nochmal auf Vinyl neu aufgelegt worden ist, ist auf \u00dcberfall eine neue Best-of- und Rarit\u00e4ten-Compilation als CD und Download erschienen.<br><br>Neben Studio-Aufnahmen von beiden Alben finden sich hier Live- und Demoaufnahmen sowie der Mars-Galliculus-Remix von \u201eAbsoluter Stillstand\u201c. Hauptattraktion unter den Liveaufnahmen sind Mischpultaufnahmen vom 1985er Abschiedskonzert, die vor einiger Zeit aufgetaucht und f\u00fcr diese Zusammenstellung angemessen aufbereitet worden sind.<\/p>\n\n\n\n<div class=\"wp-block-columns is-layout-flex wp-container-core-columns-is-layout-9d6595d7 wp-block-columns-is-layout-flex\">\n<div class=\"wp-block-column is-layout-flow wp-block-column-is-layout-flow\">\n<ul class=\"wp-block-list\"><\/ul>\n\n\n\n<ul class=\"wp-block-list\">\n<li class=\"has-medium-font-size\">Proletenkarneval<\/li>\n\n\n\n<li class=\"has-medium-font-size\">Unsere Stadt<\/li>\n\n\n\n<li class=\"has-medium-font-size\">Ich will nicht so sein wie ihr<\/li>\n\n\n\n<li class=\"has-medium-font-size\">Was dann &#8230;!?<\/li>\n\n\n\n<li class=\"has-medium-font-size\">Junge Liebe in Gefahr<\/li>\n\n\n\n<li class=\"has-medium-font-size\">Hitlers Geist<\/li>\n\n\n\n<li class=\"has-medium-font-size\">Video<\/li>\n\n\n\n<li class=\"has-medium-font-size\">S\u00fc\u00dfe Heimat<\/li>\n\n\n\n<li class=\"has-medium-font-size\">Mach&#8217;s dir selber<\/li>\n\n\n\n<li class=\"has-medium-font-size\">Glitzerjunge<\/li>\n\n\n\n<li class=\"has-medium-font-size\">Staatsschutz<\/li>\n\n\n\n<li class=\"has-medium-font-size\">Lachen und sterben<\/li>\n<\/ul>\n<\/div>\n\n\n\n<div class=\"wp-block-column is-layout-flow wp-block-column-is-layout-flow\">\n<ul class=\"wp-block-list\">\n<li class=\"has-medium-font-size\">Eskimos<\/li>\n\n\n\n<li class=\"has-medium-font-size\">Absoluter Stillstand<\/li>\n\n\n\n<li class=\"has-medium-font-size\">Amis<\/li>\n\n\n\n<li class=\"has-medium-font-size\">Kaltes Wasser<\/li>\n\n\n\n<li class=\"has-medium-font-size\">Wer spricht morgen noch \u00fcber dich?<\/li>\n\n\n\n<li class=\"has-medium-font-size\">Arschkriecher-Einheitsfront<\/li>\n\n\n\n<li class=\"has-medium-font-size\">Im Himmel gibt&#8217;s kein Pogo<\/li>\n\n\n\n<li class=\"has-medium-font-size\">Pferdehalfter<\/li>\n\n\n\n<li class=\"has-medium-font-size\">Bekannt &amp; beliebt<\/li>\n\n\n\n<li class=\"has-medium-font-size\">Radio-Schmalz<\/li>\n\n\n\n<li class=\"has-medium-font-size\">S\u00fc\u00dfe Heimat<\/li>\n\n\n\n<li class=\"has-medium-font-size\">Absoluter Stillstand (Mars-Galliculus-Remix)<\/li>\n<\/ul>\n<\/div>\n<\/div>\n<\/div><\/div>\n<\/div><\/div>\n\n\n\n<p class=\"has-very-light-gray-to-cyan-bluish-gray-gradient-background has-background has-medium-font-size\"><a href=\"https:\/\/www.discogs.com\/de\/release\/4074014-Notdurft-Proletenkarneval\">https:\/\/www.discogs.com\/de\/release\/4074014-Notdurft-Proletenkarneval<\/a><\/p>\n","protected":false},"excerpt":{"rendered":"<p>2012 Passend zum 35-j\u00e4hrigen Jubil\u00e4um des Debut-Albums von 1982 standen die \u00fcberlebenden Mitglieder von Notdurft am 30. November 2012 wieder gemeinsam auf der B\u00fchne und legten einen grandiosen Gig hin. W\u00e4hrend passend zu diesem Anlass auf H\u00f6hnie Records das erste Album nochmal auf Vinyl neu aufgelegt worden ist, ist auf \u00dcberfall eine neue Best-of- und&hellip; <a href=\"https:\/\/notdurft-punk.de\/wordpress\/diskografie\/diskografie-diskografie\/2012-notdurft-proletenkarneval\/\" class=\"read-more\">Continue reading Notdurft \u2013 \u201eProletenkarneval\u201c<\/a><\/p>\n","protected":false},"author":1,"featured_media":0,"comment_status":"open","ping_status":"open","sticky":false,"template":"","format":"standard","meta":{"footnotes":""},"categories":[16],"tags":[],"class_list":["post-23","post","type-post","status-publish","format-standard","hentry","category-diskografie-diskografie"],"_links":{"self":[{"href":"https:\/\/notdurft-punk.de\/wordpress\/wp-json\/wp\/v2\/posts\/23","targetHints":{"allow":["GET"]}}],"collection":[{"href":"https:\/\/notdurft-punk.de\/wordpress\/wp-json\/wp\/v2\/posts"}],"about":[{"href":"https:\/\/notdurft-punk.de\/wordpress\/wp-json\/wp\/v2\/types\/post"}],"author":[{"embeddable":true,"href":"https:\/\/notdurft-punk.de\/wordpress\/wp-json\/wp\/v2\/users\/1"}],"replies":[{"embeddable":true,"href":"https:\/\/notdurft-punk.de\/wordpress\/wp-json\/wp\/v2\/comments?post=23"}],"version-history":[{"count":3,"href":"https:\/\/notdurft-punk.de\/wordpress\/wp-json\/wp\/v2\/posts\/23\/revisions"}],"predecessor-version":[{"id":267,"href":"https:\/\/notdurft-punk.de\/wordpress\/wp-json\/wp\/v2\/posts\/23\/revisions\/267"}],"wp:attachment":[{"href":"https:\/\/notdurft-punk.de\/wordpress\/wp-json\/wp\/v2\/media?parent=23"}],"wp:term":[{"taxonomy":"category","embeddable":true,"href":"https:\/\/notdurft-punk.de\/wordpress\/wp-json\/wp\/v2\/categories?post=23"},{"taxonomy":"post_tag","embeddable":true,"href":"https:\/\/notdurft-punk.de\/wordpress\/wp-json\/wp\/v2\/tags?post=23"}],"curies":[{"name":"wp","href":"https:\/\/api.w.org\/{rel}","templated":true}]}}